{"id":989772,"date":"2025-11-07T10:22:35","date_gmt":"2025-11-07T09:22:35","guid":{"rendered":"https:\/\/casparis20.fr\/?p=989772"},"modified":"2025-11-07T13:00:10","modified_gmt":"2025-11-07T12:00:10","slug":"la-cas20-festival","status":"publish","type":"post","link":"https:\/\/casparis20.fr\/index.php\/2025\/11\/07\/la-cas20-festival\/","title":{"rendered":"La CAS20 fait son festival !"},"content":{"rendered":"\t\t<div data-elementor-type=\"wp-post\" data-elementor-id=\"989772\" class=\"elementor elementor-989772\" data-elementor-post-type=\"post\">\n\t\t\t\t<div class=\"elementor-element elementor-element-9a9a4a8 e-flex e-con-boxed e-con e-parent\" data-id=\"9a9a4a8\" data-element_type=\"container\">\n\t\t\t\t\t<div class=\"e-con-inner\">\n\t\t\t\t<div class=\"elementor-element elementor-element-5ce771f elementor-widget elementor-widget-image\" data-id=\"5ce771f\" data-element_type=\"widget\" data-widget_type=\"image.default\">\n\t\t\t\t<div class=\"elementor-widget-container\">\n\t\t\t\t\t\t\t\t\t\t\t\t\t\t\t<img fetchpriority=\"high\" decoding=\"async\" width=\"1280\" height=\"720\" src=\"https:\/\/casparis20.fr\/wp-content\/uploads\/2025\/11\/cas20-fait-son-festival.png\" class=\"attachment-full size-full wp-image-989818\" alt=\"\" srcset=\"https:\/\/casparis20.fr\/wp-content\/uploads\/2025\/11\/cas20-fait-son-festival.png 1280w, https:\/\/casparis20.fr\/wp-content\/uploads\/2025\/11\/cas20-fait-son-festival-300x169.png 300w, https:\/\/casparis20.fr\/wp-content\/uploads\/2025\/11\/cas20-fait-son-festival-1024x576.png 1024w, https:\/\/casparis20.fr\/wp-content\/uploads\/2025\/11\/cas20-fait-son-festival-768x432.png 768w\" sizes=\"(max-width: 1280px) 100vw, 1280px\" \/>\t\t\t\t\t\t\t\t\t\t\t\t\t\t\t<\/div>\n\t\t\t\t<\/div>\n\t\t\t\t\t<\/div>\n\t\t\t\t<\/div>\n\t\t<div class=\"elementor-element elementor-element-6fb60eba e-flex e-con-boxed e-con e-parent\" data-id=\"6fb60eba\" data-element_type=\"container\">\n\t\t\t\t\t<div class=\"e-con-inner\">\n\t\t\t\t\t<\/div>\n\t\t\t\t<\/div>\n\t\t<div class=\"elementor-element elementor-element-62538b3 e-flex e-con-boxed e-con e-parent\" data-id=\"62538b3\" data-element_type=\"container\">\n\t\t\t\t\t<div class=\"e-con-inner\">\n\t\t<div class=\"elementor-element elementor-element-b2d6f2e e-con-full e-flex e-con e-child\" data-id=\"b2d6f2e\" data-element_type=\"container\">\n\t\t\t\t<div class=\"elementor-element elementor-element-9764898 elementor-widget elementor-widget-heading\" data-id=\"9764898\" data-element_type=\"widget\" data-widget_type=\"heading.default\">\n\t\t\t\t<div class=\"elementor-widget-container\">\n\t\t\t\t\t<h3 class=\"elementor-heading-title elementor-size-default\">JEUDI 13 NOVEMBRE<br>18H30 - 21H<\/h3>\t\t\t\t<\/div>\n\t\t\t\t<\/div>\n\t\t\t\t<div class=\"elementor-element elementor-element-b160805 elementor-widget elementor-widget-text-editor\" data-id=\"b160805\" data-element_type=\"widget\" data-widget_type=\"text-editor.default\">\n\t\t\t\t<div class=\"elementor-widget-container\">\n\t\t\t\t\t\t\t\t\t<p><span style=\"font-style: normal; font-variant-ligatures: normal; font-variant-caps: normal; font-weight: bold; font-size: 16px; font-family: 'Barlow Semi Condensed', sans-serif;\">\ud83d\udccd Tout\u00e9la,\u202860 rue des Fr\u00e8res Flavien, 20e<\/span><\/p>\t\t\t\t\t\t\t\t<\/div>\n\t\t\t\t<\/div>\n\t\t\t\t<\/div>\n\t\t<div class=\"elementor-element elementor-element-dd6e9c1 e-con-full e-flex e-con e-child\" data-id=\"dd6e9c1\" data-element_type=\"container\">\n\t\t\t\t<div class=\"elementor-element elementor-element-87b1179 elementor-widget elementor-widget-heading\" data-id=\"87b1179\" data-element_type=\"widget\" data-widget_type=\"heading.default\">\n\t\t\t\t<div class=\"elementor-widget-container\">\n\t\t\t\t\t<h3 class=\"elementor-heading-title elementor-size-default\">Projection-D\u00e9bat\u2009: \u00ab\u2009Leurs Champs du c\u0153ur, le vrai co\u00fbt de notre alimentation\u2009\u00bb<\/h3>\t\t\t\t<\/div>\n\t\t\t\t<\/div>\n\t\t\t\t<div class=\"elementor-element elementor-element-b22d3fc elementor-widget elementor-widget-text-editor\" data-id=\"b22d3fc\" data-element_type=\"widget\" data-widget_type=\"text-editor.default\">\n\t\t\t\t<div class=\"elementor-widget-container\">\n\t\t\t\t\t\t\t\t\t<p>\u00ab\u2009Leurs Champs du c\u0153ur, le vrai co\u00fbt de notre alimentation\u2009\u00bb, un film de Micka\u00ebl Denis-Shi (2024). Un tour de France de douze fermes qui ont choisi d\u2019adapter leurs pratiques aux grands enjeux de notre temps.<\/p><p>Toutes les informations sur : <a href=\"https:\/\/www.alimenterre.org\/projection-organisee-par-la-cas20-et-le-toutela-compagnie-du-20eme\">https:\/\/www.alimenterre.org\/projection-organisee-par-la-cas20-et-le-toutela-compagnie-du-20eme<\/a><\/p>\t\t\t\t\t\t\t\t<\/div>\n\t\t\t\t<\/div>\n\t\t\t\t<\/div>\n\t\t\t\t\t<\/div>\n\t\t\t\t<\/div>\n\t\t<div class=\"elementor-element elementor-element-f01bc53 e-flex e-con-boxed e-con e-parent\" data-id=\"f01bc53\" data-element_type=\"container\">\n\t\t\t\t\t<div class=\"e-con-inner\">\n\t\t\t\t<div class=\"elementor-element elementor-element-f3141bd elementor-widget-divider--view-line elementor-widget elementor-widget-divider\" data-id=\"f3141bd\" data-element_type=\"widget\" data-widget_type=\"divider.default\">\n\t\t\t\t<div class=\"elementor-widget-container\">\n\t\t\t\t\t\t\t<div class=\"elementor-divider\">\n\t\t\t<span class=\"elementor-divider-separator\">\n\t\t\t\t\t\t<\/span>\n\t\t<\/div>\n\t\t\t\t\t\t<\/div>\n\t\t\t\t<\/div>\n\t\t\t\t\t<\/div>\n\t\t\t\t<\/div>\n\t\t<div class=\"elementor-element elementor-element-8cdbd1f e-flex e-con-boxed e-con e-parent\" data-id=\"8cdbd1f\" data-element_type=\"container\">\n\t\t\t\t\t<div class=\"e-con-inner\">\n\t\t<div class=\"elementor-element elementor-element-36c2d27 e-con-full e-flex e-con e-child\" data-id=\"36c2d27\" data-element_type=\"container\">\n\t\t\t\t<div class=\"elementor-element elementor-element-a8a8102 elementor-widget elementor-widget-heading\" data-id=\"a8a8102\" data-element_type=\"widget\" data-widget_type=\"heading.default\">\n\t\t\t\t<div class=\"elementor-widget-container\">\n\t\t\t\t\t<h3 class=\"elementor-heading-title elementor-size-default\">samedi 15 NOVEMBRE<br>12H30 - 14H<\/h3>\t\t\t\t<\/div>\n\t\t\t\t<\/div>\n\t\t\t\t<div class=\"elementor-element elementor-element-55ef8f9 elementor-widget elementor-widget-text-editor\" data-id=\"55ef8f9\" data-element_type=\"widget\" data-widget_type=\"text-editor.default\">\n\t\t\t\t<div class=\"elementor-widget-container\">\n\t\t\t\t\t\t\t\t\t<p><span style=\"font-style: normal; font-variant-ligatures: normal; font-variant-caps: normal; font-weight: bold; font-size: 16px; font-family: 'Barlow Semi Condensed', sans-serif;\">\ud83d\udccd\u00a0<\/span>La Fl\u00e8che d\u2019Or,\u2028102 bis Rue de Bagnolet, 20e<\/p>\t\t\t\t\t\t\t\t<\/div>\n\t\t\t\t<\/div>\n\t\t\t\t<\/div>\n\t\t<div class=\"elementor-element elementor-element-24ca1db e-con-full e-flex e-con e-child\" data-id=\"24ca1db\" data-element_type=\"container\">\n\t\t\t\t<div class=\"elementor-element elementor-element-9fa7ee4 elementor-widget elementor-widget-heading\" data-id=\"9fa7ee4\" data-element_type=\"widget\" data-widget_type=\"heading.default\">\n\t\t\t\t<div class=\"elementor-widget-container\">\n\t\t\t\t\t<h3 class=\"elementor-heading-title elementor-size-default\">Conf\u00e9rence-D\u00e9jeuner : \u00ab\u2009Le travail, le genre et l\u2019alimentation \u00bb<span style=\"font-family: &quot;Barlow Semi Condensed&quot;, sans-serif; font-size: 30px; font-style: normal; font-variant-ligatures: normal; font-variant-caps: normal; font-weight: 700;\"><\/span><\/h3>\t\t\t\t<\/div>\n\t\t\t\t<\/div>\n\t\t\t\t<div class=\"elementor-element elementor-element-39cc789 elementor-widget elementor-widget-text-editor\" data-id=\"39cc789\" data-element_type=\"widget\" data-widget_type=\"text-editor.default\">\n\t\t\t\t<div class=\"elementor-widget-container\">\n\t\t\t\t\t\t\t\t\t<p><span style=\"color: #320000; text-transform: none;\">Conf\u00e9rence-D\u00e9jeuner anim\u00e9e par B\u00e9n\u00e9dicte Bonzi, anthropologue.<\/span><\/p>\n<p>Dans le cadre de la campagne \u201cNourrir Paris\u201d, nous \u00e9changerons avec Nora Bouazzouni, autrice de \u00ab\u2009Violences en cuisine, une omerta \u00e0 la fran\u00e7aise\u2009\u00bb, sur \u00ab\u2009Le travail, le genre et l\u2019alimentation \u00bb, tout en d\u00e9gustant les d\u00e9licieux plats pr\u00e9par\u00e9s par la cantine de le Fl\u00e8che d\u2019Or.<\/p>\t\t\t\t\t\t\t\t<\/div>\n\t\t\t\t<\/div>\n\t\t\t\t<\/div>\n\t\t\t\t\t<\/div>\n\t\t\t\t<\/div>\n\t\t<div class=\"elementor-element elementor-element-e07578c e-flex e-con-boxed e-con e-parent\" data-id=\"e07578c\" data-element_type=\"container\">\n\t\t\t\t\t<div class=\"e-con-inner\">\n\t\t\t\t<div class=\"elementor-element elementor-element-9ae0a98 elementor-widget-divider--view-line elementor-widget elementor-widget-divider\" data-id=\"9ae0a98\" data-element_type=\"widget\" data-widget_type=\"divider.default\">\n\t\t\t\t<div class=\"elementor-widget-container\">\n\t\t\t\t\t\t\t<div class=\"elementor-divider\">\n\t\t\t<span class=\"elementor-divider-separator\">\n\t\t\t\t\t\t<\/span>\n\t\t<\/div>\n\t\t\t\t\t\t<\/div>\n\t\t\t\t<\/div>\n\t\t\t\t\t<\/div>\n\t\t\t\t<\/div>\n\t\t<div class=\"elementor-element elementor-element-beabc75 e-flex e-con-boxed e-con e-parent\" data-id=\"beabc75\" data-element_type=\"container\">\n\t\t\t\t\t<div class=\"e-con-inner\">\n\t\t<div class=\"elementor-element elementor-element-90b8c3f e-con-full e-flex e-con e-child\" data-id=\"90b8c3f\" data-element_type=\"container\">\n\t\t\t\t<div class=\"elementor-element elementor-element-43b63ad elementor-widget elementor-widget-heading\" data-id=\"43b63ad\" data-element_type=\"widget\" data-widget_type=\"heading.default\">\n\t\t\t\t<div class=\"elementor-widget-container\">\n\t\t\t\t\t<h3 class=\"elementor-heading-title elementor-size-default\">dimanche 16 NOVEMBRE<br>11H - 19H<\/h3>\t\t\t\t<\/div>\n\t\t\t\t<\/div>\n\t\t\t\t<div class=\"elementor-element elementor-element-fb29e65 elementor-widget elementor-widget-text-editor\" data-id=\"fb29e65\" data-element_type=\"widget\" data-widget_type=\"text-editor.default\">\n\t\t\t\t<div class=\"elementor-widget-container\">\n\t\t\t\t\t\t\t\t\t<p><span style=\"font-style: normal; font-variant-ligatures: normal; font-variant-caps: normal; font-weight: bold; font-size: 16px; font-family: 'Barlow Semi Condensed', sans-serif;\">\ud83d\udccd\u00a0<\/span>La Fl\u00e8che d\u2019Or,\u2028102 bis Rue de Bagnolet, 20e<\/p>\t\t\t\t\t\t\t\t<\/div>\n\t\t\t\t<\/div>\n\t\t\t\t<\/div>\n\t\t<div class=\"elementor-element elementor-element-3eb3dd0 e-con-full e-flex e-con e-child\" data-id=\"3eb3dd0\" data-element_type=\"container\">\n\t\t\t\t<div class=\"elementor-element elementor-element-6d999e8 elementor-widget elementor-widget-heading\" data-id=\"6d999e8\" data-element_type=\"widget\" data-widget_type=\"heading.default\">\n\t\t\t\t<div class=\"elementor-widget-container\">\n\t\t\t\t\t<h3 class=\"elementor-heading-title elementor-size-default\">Journ\u00e9e anniversaire : <br>la cas20 souffle sa premi\u00e8re bougie<\/h3>\t\t\t\t<\/div>\n\t\t\t\t<\/div>\n\t\t\t\t<div class=\"elementor-element elementor-element-375a517 elementor-widget elementor-widget-text-editor\" data-id=\"375a517\" data-element_type=\"widget\" data-widget_type=\"text-editor.default\">\n\t\t\t\t<div class=\"elementor-widget-container\">\n\t\t\t\t\t\t\t\t\t<h3><span style=\"color: #320000; font-family: 'Barlow Semi Condensed', sans-serif; font-size: 22px; font-style: normal; font-variant-ligatures: normal; font-variant-caps: normal; font-weight: bold;\">\ud83c\udf89 \u00c0 l\u2019occasion du premier anniversaire de la <\/span><strong style=\"color: #320000; font-family: 'Barlow Semi Condensed', sans-serif; font-size: 22px; font-style: normal; font-variant-ligatures: normal; font-variant-caps: normal;\">CAS20<\/strong><span style=\"color: #320000; font-family: 'Barlow Semi Condensed', sans-serif; font-size: 22px; font-style: normal; font-variant-ligatures: normal; font-variant-caps: normal; font-weight: bold;\"> :<\/span><\/h3><section class=\"cas20-anniversaire\"><p>\ud83d\udd5a <strong>11 h<\/strong> \u2014 Accueil<\/p><p>\ud83d\udd66 <strong>11 h 30<\/strong> \u2014 Pr\u00e9sentation de la <strong>S\u00e9curit\u00e9 sociale de l\u2019alimentation (SSA)<\/strong> et de la <strong>CAS20<\/strong><br \/>\ud83d\udc67\ud83e\uddc1 <em>Atelier enfants : d\u00e9co de cupcakes<\/em><\/p><p>\ud83e\udd57 <strong>12 h 30<\/strong> \u2014 <strong>Repas CAS\u2019Dahl<\/strong><br \/>Mini-sandwiches et dahls chauds offerts par la Fl\u00e8che d\u2019Or<\/p><p>\ud83e\udd67 <strong>13 h 30<\/strong> \u2014 <strong>\u00c9lection de la meilleure tarte sucr\u00e9e<\/strong><br \/>Apportez la v\u00f4tre ! Elle pourrait devenir l\u2019embl\u00e8me de la CAS20<\/p><p>\ud83c\udfb5 <strong>14 h<\/strong> \u2014 <strong>Quiz &amp; Blind Test<\/strong><\/p><p>\ud83d\udde3\ufe0f <strong>15 h<\/strong> \u2014 <strong>Table ronde<\/strong> anim\u00e9e par <em>B\u00e9n\u00e9dicte Bonzi<\/em>, anthropologue<br \/><strong>Th\u00e8me :<\/strong> \u00ab Et si nous changions le syst\u00e8me alimentaire qu\u2019on nous impose ? \u00bb<\/p><p><strong>\ud83d\udc65 Les intervenant\u00b7es :<\/strong><br \/>\u2022 Camille Leboulanger, auteur de <em>Eutopia<\/em><br \/>\u2022 Hannane Somi, mara\u00eech\u00e8re \u00e0 Chelles<br \/>\u2022 Pauline Isambert, r\u00e9f\u00e9rente de la S\u00e9curit\u00e9 sociale de l\u2019alimentation \u00e0 la Conf\u00e9d\u00e9ration paysanne<br \/>\u2022 Les caisses alimentaires de Belgique, de Gironde, la Calien de Loos-en-Gohelle, la CAS20, la CAS14, les 400Coop<br \/>\u2022 Vivien Bourgeon, repr\u00e9sentant d\u2019Ing\u00e9nieurs Sans Fronti\u00e8res \/ Agrista<\/p><p>\ud83d\udc67\ud83c\udf31 <em>Atelier enfants : les semences<\/em><\/p><p>\ud83c\udf70 <strong>16 h 30<\/strong> \u2014 <strong>Go\u00fbter en fanfare<\/strong><\/p><p>\ud83d\udcac <strong>17 h 30<\/strong> \u2014 <strong>Conf\u00e9rence-D\u00e9bat<\/strong> anim\u00e9e par <em>B\u00e9n\u00e9dicte Bonzi<\/em>, anthropologue<br \/>\u00c0 partir du dossier de la revue <em>Salariat<\/em> :<br \/><q>Une S\u00e9curit\u00e9 sociale pour tout, par tous et toutes ?<\/q><\/p><p><strong>Intervenants :<\/strong><br \/>\u2022 Camille Leboulanger, auteur de <em>Eutopia<\/em><br \/>\u2022 Antoine-Bernard de Raymond, sociologue \u00e0 l\u2019INRAE (Institut national de recherche pour l\u2019agriculture, l\u2019alimentation et l\u2019environnement)<\/p><p>\ud83d\udeaa <strong>19 h<\/strong> \u2014 <strong>Fermeture des portes<\/strong><\/p><\/section>\t\t\t\t\t\t\t\t<\/div>\n\t\t\t\t<\/div>\n\t\t\t\t<\/div>\n\t\t\t\t\t<\/div>\n\t\t\t\t<\/div>\n\t\t<div class=\"elementor-element elementor-element-914aad3 e-flex e-con-boxed e-con e-parent\" data-id=\"914aad3\" data-element_type=\"container\">\n\t\t\t\t\t<div class=\"e-con-inner\">\n\t\t\t\t<div class=\"elementor-element elementor-element-fa40fae elementor-widget-divider--view-line elementor-widget elementor-widget-divider\" data-id=\"fa40fae\" data-element_type=\"widget\" data-widget_type=\"divider.default\">\n\t\t\t\t<div class=\"elementor-widget-container\">\n\t\t\t\t\t\t\t<div class=\"elementor-divider\">\n\t\t\t<span class=\"elementor-divider-separator\">\n\t\t\t\t\t\t<\/span>\n\t\t<\/div>\n\t\t\t\t\t\t<\/div>\n\t\t\t\t<\/div>\n\t\t\t\t\t<\/div>\n\t\t\t\t<\/div>\n\t\t<div class=\"elementor-element elementor-element-12793b7 e-flex e-con-boxed e-con e-parent\" data-id=\"12793b7\" data-element_type=\"container\">\n\t\t\t\t\t<div class=\"e-con-inner\">\n\t\t<div class=\"elementor-element elementor-element-d9978b3 e-con-full e-flex e-con e-child\" data-id=\"d9978b3\" data-element_type=\"container\">\n\t\t\t\t<div class=\"elementor-element elementor-element-8098409 elementor-widget elementor-widget-heading\" data-id=\"8098409\" data-element_type=\"widget\" data-widget_type=\"heading.default\">\n\t\t\t\t<div class=\"elementor-widget-container\">\n\t\t\t\t\t<h3 class=\"elementor-heading-title elementor-size-default\">mardi 18 NOVEMBRE<br>18H30 - 20H<\/h3>\t\t\t\t<\/div>\n\t\t\t\t<\/div>\n\t\t\t\t<div class=\"elementor-element elementor-element-8f27e3a elementor-widget elementor-widget-text-editor\" data-id=\"8f27e3a\" data-element_type=\"widget\" data-widget_type=\"text-editor.default\">\n\t\t\t\t<div class=\"elementor-widget-container\">\n\t\t\t\t\t\t\t\t\t<p><span style=\"font-style: normal; font-variant-ligatures: normal; font-variant-caps: normal; font-weight: bold; font-size: 16px; font-family: 'Barlow Semi Condensed', sans-serif;\">\ud83d\udccd La Manufacture ALTRIPASTI, 26 rue Serpolet, 20e<br \/><\/span><\/p>\t\t\t\t\t\t\t\t<\/div>\n\t\t\t\t<\/div>\n\t\t\t\t<\/div>\n\t\t<div class=\"elementor-element elementor-element-5b05b8a e-con-full e-flex e-con e-child\" data-id=\"5b05b8a\" data-element_type=\"container\">\n\t\t\t\t<div class=\"elementor-element elementor-element-5f52556 elementor-widget elementor-widget-heading\" data-id=\"5f52556\" data-element_type=\"widget\" data-widget_type=\"heading.default\">\n\t\t\t\t<div class=\"elementor-widget-container\">\n\t\t\t\t\t<h3 class=\"elementor-heading-title elementor-size-default\">Conf\u00e9rence : \u00ab Les riches contre la plan\u00e8te, quelle incidence sur nos caisses alimentaires ? \u00bb<span style=\"font-family: &quot;Barlow Semi Condensed&quot;, sans-serif; font-size: 30px; font-style: normal; font-variant-ligatures: normal; font-variant-caps: normal; font-weight: 700;\"><\/span><\/h3>\t\t\t\t<\/div>\n\t\t\t\t<\/div>\n\t\t\t\t<div class=\"elementor-element elementor-element-e6445e6 elementor-widget elementor-widget-text-editor\" data-id=\"e6445e6\" data-element_type=\"widget\" data-widget_type=\"text-editor.default\">\n\t\t\t\t<div class=\"elementor-widget-container\">\n\t\t\t\t\t\t\t\t\t<p>Monique Pin\u00e7on-Charlot, sociologue, s\u2019interroge sur \u00ab\u00a0Les riches contre la plan\u00e8te, quelle incidence sur nos caisses alimentaires\u00a0? \u00bb<\/p><p>\u00c9galement en webinaire\u00a0: <a href=\"https:\/\/zoom.us\/j\/99730920770?pwd=I14FKBM90bAimLYVrHPzQrKskEY84T.1\">https:\/\/zoom.us\/j\/99730920770?pwd=I14FKBM90bAimLYVrHPzQrKskEY84T.1<\/a><\/p>\t\t\t\t\t\t\t\t<\/div>\n\t\t\t\t<\/div>\n\t\t\t\t<\/div>\n\t\t\t\t\t<\/div>\n\t\t\t\t<\/div>\n\t\t\t\t<\/div>\n\t\t","protected":false},"excerpt":{"rendered":"<p>2025<\/p>\n","protected":false},"author":1,"featured_media":989818,"comment_status":"open","ping_status":"open","sticky":false,"template":"","format":"standard","meta":{"_themeisle_gutenberg_block_has_review":false,"footnotes":""},"categories":[48],"tags":[],"class_list":["post-989772","post","type-post","status-publish","format-standard","has-post-thumbnail","hentry","category-agenda"],"yoast_head":"<!-- This site is optimized with the Yoast SEO plugin v24.8 - https:\/\/yoast.com\/wordpress\/plugins\/seo\/ -->\n<title>La CAS20 fait son festival ! - CAS20<\/title>\n<meta name=\"description\" content=\"D\u00e9couvrez l&#039;agenda de la CAS20 de septembre - octobre : comptoirs d&#039;accueil et r\u00e9unions publiques pour d\u00e9couvrir et suivre la CAS20\" \/>\n<meta name=\"robots\" content=\"index, follow, max-snippet:-1, max-image-preview:large, max-video-preview:-1\" \/>\n<link rel=\"canonical\" href=\"https:\/\/casparis20.fr\/index.php\/2025\/11\/07\/la-cas20-festival\/\" \/>\n<meta property=\"og:locale\" content=\"en_US\" \/>\n<meta property=\"og:type\" content=\"article\" \/>\n<meta property=\"og:title\" content=\"La CAS20 fait son festival ! - CAS20\" \/>\n<meta property=\"og:description\" content=\"D\u00e9couvrez l&#039;agenda de la CAS20 de septembre - octobre : comptoirs d&#039;accueil et r\u00e9unions publiques pour d\u00e9couvrir et suivre la CAS20\" \/>\n<meta property=\"og:url\" content=\"https:\/\/casparis20.fr\/index.php\/2025\/11\/07\/la-cas20-festival\/\" \/>\n<meta property=\"og:site_name\" content=\"CAS20\" \/>\n<meta property=\"article:published_time\" content=\"2025-11-07T09:22:35+00:00\" \/>\n<meta property=\"article:modified_time\" content=\"2025-11-07T12:00:10+00:00\" \/>\n<meta property=\"og:image\" content=\"http:\/\/casparis20.fr\/wp-content\/uploads\/2025\/11\/cas20-fait-son-festival.png\" \/>\n\t<meta property=\"og:image:width\" content=\"1280\" \/>\n\t<meta property=\"og:image:height\" content=\"720\" \/>\n\t<meta property=\"og:image:type\" content=\"image\/png\" \/>\n<meta name=\"author\" content=\"admin6541\" \/>\n<meta name=\"twitter:card\" content=\"summary_large_image\" \/>\n<meta name=\"twitter:label1\" content=\"Written by\" \/>\n\t<meta name=\"twitter:data1\" content=\"admin6541\" \/>\n\t<meta name=\"twitter:label2\" content=\"Est. reading time\" \/>\n\t<meta name=\"twitter:data2\" content=\"3 minutes\" \/>\n<script type=\"application\/ld+json\" class=\"yoast-schema-graph\">{\"@context\":\"https:\/\/schema.org\",\"@graph\":[{\"@type\":\"Article\",\"@id\":\"https:\/\/casparis20.fr\/index.php\/2025\/11\/07\/la-cas20-festival\/#article\",\"isPartOf\":{\"@id\":\"https:\/\/casparis20.fr\/index.php\/2025\/11\/07\/la-cas20-festival\/\"},\"author\":{\"name\":\"admin6541\",\"@id\":\"https:\/\/casparis20.fr\/#\/schema\/person\/4bd091634acb2c01d661b807c12cb6bd\"},\"headline\":\"La CAS20 fait son festival !\",\"datePublished\":\"2025-11-07T09:22:35+00:00\",\"dateModified\":\"2025-11-07T12:00:10+00:00\",\"mainEntityOfPage\":{\"@id\":\"https:\/\/casparis20.fr\/index.php\/2025\/11\/07\/la-cas20-festival\/\"},\"wordCount\":473,\"commentCount\":0,\"publisher\":{\"@id\":\"https:\/\/casparis20.fr\/#organization\"},\"image\":{\"@id\":\"https:\/\/casparis20.fr\/index.php\/2025\/11\/07\/la-cas20-festival\/#primaryimage\"},\"thumbnailUrl\":\"https:\/\/casparis20.fr\/wp-content\/uploads\/2025\/11\/cas20-fait-son-festival.png\",\"articleSection\":[\"Agenda\"],\"inLanguage\":\"en-US\",\"potentialAction\":[{\"@type\":\"CommentAction\",\"name\":\"Comment\",\"target\":[\"https:\/\/casparis20.fr\/index.php\/2025\/11\/07\/la-cas20-festival\/#respond\"]}]},{\"@type\":\"WebPage\",\"@id\":\"https:\/\/casparis20.fr\/index.php\/2025\/11\/07\/la-cas20-festival\/\",\"url\":\"https:\/\/casparis20.fr\/index.php\/2025\/11\/07\/la-cas20-festival\/\",\"name\":\"La CAS20 fait son festival ! - CAS20\",\"isPartOf\":{\"@id\":\"https:\/\/casparis20.fr\/#website\"},\"primaryImageOfPage\":{\"@id\":\"https:\/\/casparis20.fr\/index.php\/2025\/11\/07\/la-cas20-festival\/#primaryimage\"},\"image\":{\"@id\":\"https:\/\/casparis20.fr\/index.php\/2025\/11\/07\/la-cas20-festival\/#primaryimage\"},\"thumbnailUrl\":\"https:\/\/casparis20.fr\/wp-content\/uploads\/2025\/11\/cas20-fait-son-festival.png\",\"datePublished\":\"2025-11-07T09:22:35+00:00\",\"dateModified\":\"2025-11-07T12:00:10+00:00\",\"description\":\"D\u00e9couvrez l'agenda de la CAS20 de septembre - octobre : comptoirs d'accueil et r\u00e9unions publiques pour d\u00e9couvrir et suivre la CAS20\",\"breadcrumb\":{\"@id\":\"https:\/\/casparis20.fr\/index.php\/2025\/11\/07\/la-cas20-festival\/#breadcrumb\"},\"inLanguage\":\"en-US\",\"potentialAction\":[{\"@type\":\"ReadAction\",\"target\":[\"https:\/\/casparis20.fr\/index.php\/2025\/11\/07\/la-cas20-festival\/\"]}]},{\"@type\":\"ImageObject\",\"inLanguage\":\"en-US\",\"@id\":\"https:\/\/casparis20.fr\/index.php\/2025\/11\/07\/la-cas20-festival\/#primaryimage\",\"url\":\"https:\/\/casparis20.fr\/wp-content\/uploads\/2025\/11\/cas20-fait-son-festival.png\",\"contentUrl\":\"https:\/\/casparis20.fr\/wp-content\/uploads\/2025\/11\/cas20-fait-son-festival.png\",\"width\":1280,\"height\":720},{\"@type\":\"BreadcrumbList\",\"@id\":\"https:\/\/casparis20.fr\/index.php\/2025\/11\/07\/la-cas20-festival\/#breadcrumb\",\"itemListElement\":[{\"@type\":\"ListItem\",\"position\":1,\"name\":\"Accueil\",\"item\":\"https:\/\/casparis20.fr\/\"},{\"@type\":\"ListItem\",\"position\":2,\"name\":\"La CAS20 fait son festival !\"}]},{\"@type\":\"WebSite\",\"@id\":\"https:\/\/casparis20.fr\/#website\",\"url\":\"https:\/\/casparis20.fr\/\",\"name\":\"CAS20\",\"description\":\"Caisse Alimentaire solidaire - Paris 20\",\"publisher\":{\"@id\":\"https:\/\/casparis20.fr\/#organization\"},\"potentialAction\":[{\"@type\":\"SearchAction\",\"target\":{\"@type\":\"EntryPoint\",\"urlTemplate\":\"https:\/\/casparis20.fr\/?s={search_term_string}\"},\"query-input\":{\"@type\":\"PropertyValueSpecification\",\"valueRequired\":true,\"valueName\":\"search_term_string\"}}],\"inLanguage\":\"en-US\"},{\"@type\":\"Organization\",\"@id\":\"https:\/\/casparis20.fr\/#organization\",\"name\":\"CAS20\",\"url\":\"https:\/\/casparis20.fr\/\",\"logo\":{\"@type\":\"ImageObject\",\"inLanguage\":\"en-US\",\"@id\":\"https:\/\/casparis20.fr\/#\/schema\/logo\/image\/\",\"url\":\"https:\/\/casparis20.fr\/wp-content\/uploads\/2025\/02\/Logo_complet_RVB_rouge_CAS20.png\",\"contentUrl\":\"https:\/\/casparis20.fr\/wp-content\/uploads\/2025\/02\/Logo_complet_RVB_rouge_CAS20.png\",\"width\":6278,\"height\":2718,\"caption\":\"CAS20\"},\"image\":{\"@id\":\"https:\/\/casparis20.fr\/#\/schema\/logo\/image\/\"}},{\"@type\":\"Person\",\"@id\":\"https:\/\/casparis20.fr\/#\/schema\/person\/4bd091634acb2c01d661b807c12cb6bd\",\"name\":\"admin6541\",\"image\":{\"@type\":\"ImageObject\",\"inLanguage\":\"en-US\",\"@id\":\"https:\/\/casparis20.fr\/#\/schema\/person\/image\/\",\"url\":\"https:\/\/secure.gravatar.com\/avatar\/11ae146c0cd32d920af78120857a9078e710eaa2b15443587442b94a763af51d?s=96&d=mm&r=g\",\"contentUrl\":\"https:\/\/secure.gravatar.com\/avatar\/11ae146c0cd32d920af78120857a9078e710eaa2b15443587442b94a763af51d?s=96&d=mm&r=g\",\"caption\":\"admin6541\"},\"sameAs\":[\"http:\/\/casparis20.fr\"],\"url\":\"https:\/\/casparis20.fr\/index.php\/author\/admin6541\/\"}]}<\/script>\n<!-- \/ Yoast SEO plugin. -->","yoast_head_json":{"title":"La CAS20 fait son festival ! - CAS20","description":"D\u00e9couvrez l'agenda de la CAS20 de septembre - octobre : comptoirs d'accueil et r\u00e9unions publiques pour d\u00e9couvrir et suivre la CAS20","robots":{"index":"index","follow":"follow","max-snippet":"max-snippet:-1","max-image-preview":"max-image-preview:large","max-video-preview":"max-video-preview:-1"},"canonical":"https:\/\/casparis20.fr\/index.php\/2025\/11\/07\/la-cas20-festival\/","og_locale":"en_US","og_type":"article","og_title":"La CAS20 fait son festival ! - CAS20","og_description":"D\u00e9couvrez l'agenda de la CAS20 de septembre - octobre : comptoirs d'accueil et r\u00e9unions publiques pour d\u00e9couvrir et suivre la CAS20","og_url":"https:\/\/casparis20.fr\/index.php\/2025\/11\/07\/la-cas20-festival\/","og_site_name":"CAS20","article_published_time":"2025-11-07T09:22:35+00:00","article_modified_time":"2025-11-07T12:00:10+00:00","og_image":[{"width":1280,"height":720,"url":"http:\/\/casparis20.fr\/wp-content\/uploads\/2025\/11\/cas20-fait-son-festival.png","type":"image\/png"}],"author":"admin6541","twitter_card":"summary_large_image","twitter_misc":{"Written by":"admin6541","Est. reading time":"3 minutes"},"schema":{"@context":"https:\/\/schema.org","@graph":[{"@type":"Article","@id":"https:\/\/casparis20.fr\/index.php\/2025\/11\/07\/la-cas20-festival\/#article","isPartOf":{"@id":"https:\/\/casparis20.fr\/index.php\/2025\/11\/07\/la-cas20-festival\/"},"author":{"name":"admin6541","@id":"https:\/\/casparis20.fr\/#\/schema\/person\/4bd091634acb2c01d661b807c12cb6bd"},"headline":"La CAS20 fait son festival !","datePublished":"2025-11-07T09:22:35+00:00","dateModified":"2025-11-07T12:00:10+00:00","mainEntityOfPage":{"@id":"https:\/\/casparis20.fr\/index.php\/2025\/11\/07\/la-cas20-festival\/"},"wordCount":473,"commentCount":0,"publisher":{"@id":"https:\/\/casparis20.fr\/#organization"},"image":{"@id":"https:\/\/casparis20.fr\/index.php\/2025\/11\/07\/la-cas20-festival\/#primaryimage"},"thumbnailUrl":"https:\/\/casparis20.fr\/wp-content\/uploads\/2025\/11\/cas20-fait-son-festival.png","articleSection":["Agenda"],"inLanguage":"en-US","potentialAction":[{"@type":"CommentAction","name":"Comment","target":["https:\/\/casparis20.fr\/index.php\/2025\/11\/07\/la-cas20-festival\/#respond"]}]},{"@type":"WebPage","@id":"https:\/\/casparis20.fr\/index.php\/2025\/11\/07\/la-cas20-festival\/","url":"https:\/\/casparis20.fr\/index.php\/2025\/11\/07\/la-cas20-festival\/","name":"La CAS20 fait son festival ! - CAS20","isPartOf":{"@id":"https:\/\/casparis20.fr\/#website"},"primaryImageOfPage":{"@id":"https:\/\/casparis20.fr\/index.php\/2025\/11\/07\/la-cas20-festival\/#primaryimage"},"image":{"@id":"https:\/\/casparis20.fr\/index.php\/2025\/11\/07\/la-cas20-festival\/#primaryimage"},"thumbnailUrl":"https:\/\/casparis20.fr\/wp-content\/uploads\/2025\/11\/cas20-fait-son-festival.png","datePublished":"2025-11-07T09:22:35+00:00","dateModified":"2025-11-07T12:00:10+00:00","description":"D\u00e9couvrez l'agenda de la CAS20 de septembre - octobre : comptoirs d'accueil et r\u00e9unions publiques pour d\u00e9couvrir et suivre la CAS20","breadcrumb":{"@id":"https:\/\/casparis20.fr\/index.php\/2025\/11\/07\/la-cas20-festival\/#breadcrumb"},"inLanguage":"en-US","potentialAction":[{"@type":"ReadAction","target":["https:\/\/casparis20.fr\/index.php\/2025\/11\/07\/la-cas20-festival\/"]}]},{"@type":"ImageObject","inLanguage":"en-US","@id":"https:\/\/casparis20.fr\/index.php\/2025\/11\/07\/la-cas20-festival\/#primaryimage","url":"https:\/\/casparis20.fr\/wp-content\/uploads\/2025\/11\/cas20-fait-son-festival.png","contentUrl":"https:\/\/casparis20.fr\/wp-content\/uploads\/2025\/11\/cas20-fait-son-festival.png","width":1280,"height":720},{"@type":"BreadcrumbList","@id":"https:\/\/casparis20.fr\/index.php\/2025\/11\/07\/la-cas20-festival\/#breadcrumb","itemListElement":[{"@type":"ListItem","position":1,"name":"Accueil","item":"https:\/\/casparis20.fr\/"},{"@type":"ListItem","position":2,"name":"La CAS20 fait son festival !"}]},{"@type":"WebSite","@id":"https:\/\/casparis20.fr\/#website","url":"https:\/\/casparis20.fr\/","name":"CAS20","description":"Caisse Alimentaire solidaire - Paris 20","publisher":{"@id":"https:\/\/casparis20.fr\/#organization"},"potentialAction":[{"@type":"SearchAction","target":{"@type":"EntryPoint","urlTemplate":"https:\/\/casparis20.fr\/?s={search_term_string}"},"query-input":{"@type":"PropertyValueSpecification","valueRequired":true,"valueName":"search_term_string"}}],"inLanguage":"en-US"},{"@type":"Organization","@id":"https:\/\/casparis20.fr\/#organization","name":"CAS20","url":"https:\/\/casparis20.fr\/","logo":{"@type":"ImageObject","inLanguage":"en-US","@id":"https:\/\/casparis20.fr\/#\/schema\/logo\/image\/","url":"https:\/\/casparis20.fr\/wp-content\/uploads\/2025\/02\/Logo_complet_RVB_rouge_CAS20.png","contentUrl":"https:\/\/casparis20.fr\/wp-content\/uploads\/2025\/02\/Logo_complet_RVB_rouge_CAS20.png","width":6278,"height":2718,"caption":"CAS20"},"image":{"@id":"https:\/\/casparis20.fr\/#\/schema\/logo\/image\/"}},{"@type":"Person","@id":"https:\/\/casparis20.fr\/#\/schema\/person\/4bd091634acb2c01d661b807c12cb6bd","name":"admin6541","image":{"@type":"ImageObject","inLanguage":"en-US","@id":"https:\/\/casparis20.fr\/#\/schema\/person\/image\/","url":"https:\/\/secure.gravatar.com\/avatar\/11ae146c0cd32d920af78120857a9078e710eaa2b15443587442b94a763af51d?s=96&d=mm&r=g","contentUrl":"https:\/\/secure.gravatar.com\/avatar\/11ae146c0cd32d920af78120857a9078e710eaa2b15443587442b94a763af51d?s=96&d=mm&r=g","caption":"admin6541"},"sameAs":["http:\/\/casparis20.fr"],"url":"https:\/\/casparis20.fr\/index.php\/author\/admin6541\/"}]}},"_links":{"self":[{"href":"https:\/\/casparis20.fr\/index.php\/wp-json\/wp\/v2\/posts\/989772","targetHints":{"allow":["GET"]}}],"collection":[{"href":"https:\/\/casparis20.fr\/index.php\/wp-json\/wp\/v2\/posts"}],"about":[{"href":"https:\/\/casparis20.fr\/index.php\/wp-json\/wp\/v2\/types\/post"}],"author":[{"embeddable":true,"href":"https:\/\/casparis20.fr\/index.php\/wp-json\/wp\/v2\/users\/1"}],"replies":[{"embeddable":true,"href":"https:\/\/casparis20.fr\/index.php\/wp-json\/wp\/v2\/comments?post=989772"}],"version-history":[{"count":20,"href":"https:\/\/casparis20.fr\/index.php\/wp-json\/wp\/v2\/posts\/989772\/revisions"}],"predecessor-version":[{"id":989830,"href":"https:\/\/casparis20.fr\/index.php\/wp-json\/wp\/v2\/posts\/989772\/revisions\/989830"}],"wp:featuredmedia":[{"embeddable":true,"href":"https:\/\/casparis20.fr\/index.php\/wp-json\/wp\/v2\/media\/989818"}],"wp:attachment":[{"href":"https:\/\/casparis20.fr\/index.php\/wp-json\/wp\/v2\/media?parent=989772"}],"wp:term":[{"taxonomy":"category","embeddable":true,"href":"https:\/\/casparis20.fr\/index.php\/wp-json\/wp\/v2\/categories?post=989772"},{"taxonomy":"post_tag","embeddable":true,"href":"https:\/\/casparis20.fr\/index.php\/wp-json\/wp\/v2\/tags?post=989772"}],"curies":[{"name":"wp","href":"https:\/\/api.w.org\/{rel}","templated":true}]}}